{"id":22263,"date":"2020-11-11T08:22:09","date_gmt":"2020-11-11T07:22:09","guid":{"rendered":"https:\/\/www.sharespine.com\/staging\/?p=22263"},"modified":"2023-03-20T13:57:32","modified_gmt":"2023-03-20T12:57:32","slug":"garden-glory","status":"publish","type":"post","link":"https:\/\/www.sharespine.com\/sv\/garden-glory\/","title":{"rendered":"Inspirerande intervju med Linda Brattl\u00f6f om framg\u00e5ngssagan Garden Glory"},"content":{"rendered":"<p>[et_pb_section fb_built=&#8221;1&#8243; _builder_version=&#8221;4.16&#8243; da_disable_devices=&#8221;off|off|off&#8221; global_colors_info=&#8221;{}&#8221; da_is_popup=&#8221;off&#8221; da_exit_intent=&#8221;off&#8221; da_has_close=&#8221;on&#8221; da_alt_close=&#8221;off&#8221; da_dark_close=&#8221;off&#8221; da_not_modal=&#8221;on&#8221; da_is_singular=&#8221;off&#8221; da_with_loader=&#8221;off&#8221; da_has_shadow=&#8221;on&#8221;][et_pb_row module_class=&#8221;news-content-wrapper&#8221; _builder_version=&#8221;4.16&#8243; width=&#8221;100%&#8221; custom_margin=&#8221;||||false|false&#8221; custom_css_main_element=&#8221;line-height: 1.9;||&#8221; global_colors_info=&#8221;{}&#8221;][et_pb_column type=&#8221;4_4&#8243; _builder_version=&#8221;4.16&#8243; global_colors_info=&#8221;{}&#8221;][et_pb_text _builder_version=&#8221;4.16&#8243; text_font=&#8221;Work Sans||||||||&#8221; width=&#8221;100%&#8221; module_alignment=&#8221;center&#8221; custom_css_main_element=&#8221;color: #333;&#8221; global_colors_info=&#8221;{}&#8221;]<\/p>\n<p>En h\u00f6stdag 2011 b\u00f6rjar dr\u00f6mmen. Ett hus p\u00e5 landet, knappt en halvtimmes bilresa utanf\u00f6r G\u00f6teborg. Det \u00e4r dagen f\u00f6r husvisning, allting k\u00e4nns perfekt. Huset \u00e4r falur\u00f6tt med vita knutar och stora tr\u00e4d\u00f6rrar. Omgivningen \u00e4r idyllisk.<\/p>\n<p>Men n\u00e5got skaver p\u00e5 visningen. Det finns en detalj p\u00e5 fasaden som visar sig vara helt avg\u00f6rande f\u00f6r k\u00f6pet och hur livet ska bli fram\u00e5t; en ful tr\u00e4dg\u00e5rdsslang som bara h\u00e4nger d\u00e4r och f\u00f6rst\u00f6r hela intrycket. Den enkla, briljanta tanken har b\u00f6rjat f\u00e5 f\u00e4ste och spinna vidare i huvudet p\u00e5 Linda, som s\u00e5 sm\u00e5ningom v\u00e4xer sig betydligt st\u00f6rre \u00e4n hela husk\u00f6pet.<\/p>\n<p>\u2013 Jag och min man Jonas var ju d\u00e4r f\u00f6r att titta p\u00e5 huset, men det var d\u00e5 fr\u00f6et till Garden Glory s\u00e5ddes. Allt p\u00e5 huset var perfekt, men inte tr\u00e4dg\u00e5rdsslangen. Det var en gammal ful slang som h\u00e4ngde p\u00e5 fasaden som inte passade till det fina huset. Kanske l\u00e5ter det konstigt, men just den lade jag m\u00e4rke till. Jag sa till Jonas att om vi k\u00f6per huset s\u00e5 \u00e4r tr\u00e4dg\u00e5rdsslangen det f\u00f6rsta som beh\u00f6ver bytas ut.<\/p>\n<p>Jakten p\u00e5 den perfekta slagen hade b\u00f6rjat. Det skulle vara en vit slang, en s\u00e5n d\u00e4r med matchande f\u00e4ste och munstycke, allt f\u00f6r att passa detaljerna p\u00e5 det nyink\u00f6pta huset. Men letandet visar sig vara sv\u00e5rare \u00e4n vad Linda f\u00f6rest\u00e4llt sig. Ingen annan i hela Sverige verkar ens t\u00e4nkt tanken p\u00e5 att en tr\u00e4dg\u00e5rdsslang skulle kunna vara snygg, som en inredningspryl f\u00f6r tr\u00e4dg\u00e5rden. Och det \u00e4r nu id\u00e9n v\u00e4cks till liv f\u00f6r att skapa en egen produkt.<\/p>\n<p>\u2013 Jag var \u00f6verallt, i varje butik som kunde t\u00e4nkas s\u00e4lja tr\u00e4dg\u00e5rdsslangar. Men svaren jag fick var: \u201cdet finns bara gr\u00f6na med olika armeringar\u201d och \u201cmunstyckena och f\u00e4stena \u00e4r fr\u00e5n olika leverant\u00f6rer\u201d och \u201cvisst hade varit fint om det funnits samma leverant\u00f6r f\u00f6r allt, i samma f\u00e4rger, kul tanke\u201d. D\u00e5 t\u00e4nkte jag att i Australien och USA som har sommar st\u00f6rre delen av \u00e5ret kanske hade den typen av slang som jag letade efter, n\u00e5got enf\u00e4rgat och helst i vitt. Men jag hittade ingenting.<\/p>\n<p>[\/et_pb_text][et_pb_image src=&#8221;https:\/\/www.sharespine.com\/wp-content\/uploads\/2020\/11\/cloud_hunter_kit-1.jpg&#8221; title_text=&#8221;cloud_hunter_kit&#8221; _builder_version=&#8221;4.16&#8243; _module_preset=&#8221;default&#8221; width=&#8221;100%&#8221; module_alignment=&#8221;center&#8221; global_colors_info=&#8221;{}&#8221;][\/et_pb_image][et_pb_text admin_label=&#8221;Bildtext&#8221; _builder_version=&#8221;4.16&#8243; _module_preset=&#8221;default&#8221; text_font=&#8221;Work Sans||||||||&#8221; max_width=&#8221;100%&#8221; module_alignment=&#8221;center&#8221; global_colors_info=&#8221;{}&#8221;]<\/p>\n<p><a href=\"https:\/\/www.gardenglory.com\/product\/cloud-hunter-kit\/\" target=\"_blank\" rel=\"noopener noreferrer\">Cloud Hunter Kit<\/a> fr\u00e5n Garden Glory.<\/p>\n<p>[\/et_pb_text][et_pb_text _builder_version=&#8221;4.16&#8243; text_font=&#8221;Work Sans||||||||&#8221; width=&#8221;100%&#8221; module_alignment=&#8221;center&#8221; custom_css_main_element=&#8221;color: #232527;&#8221; global_colors_info=&#8221;{}&#8221;]<\/p>\n<p><span class=\"section-title\">Minns du hur id\u00e9n kom till?<\/span><\/p>\n<p>\u2013 I samband med att jag letade runt p\u00e5 n\u00e4tet s\u00e5 hamnade jag p\u00e5 olika forum d\u00e4r folk s\u00f6kte efter snyggare tr\u00e4dg\u00e5rdsslangar, det var alla m\u00f6jliga fr\u00e5gor om f\u00e4rger och m\u00f6nster. D\u00e4r ins\u00e5g jag att det fanns fler som t\u00e4nkt samma tanke som jag. Och det var d\u00e5 jag f\u00f6rstod att jag aldrig kommer p\u00e5 en b\u00e4ttre aff\u00e4rsid\u00e9. Jag s\u00e5g helt enkelt en lucka p\u00e5 marknaden och tog den d\u00e4r och d\u00e5.<\/p>\n<p>Det finns kanske en djupare f\u00f6rklaring till varf\u00f6r Linda startar upp Garden Glory, att hon v\u00e5gar ta steget och inte bara stannar vid tanken som de flesta av oss andra dr\u00f6mmare. B\u00e5de morf\u00f6r\u00e4ldrar och farf\u00f6r\u00e4ldrar var entrepren\u00f6rer; Ica-handlare med flera butiker i Sm\u00e5land och underkl\u00e4des-producenter med fabriker i Finland. \u00c4ven uppfinningsrikedomen finns p\u00e5 n\u00e4ra h\u00e5ll med pappan som \u00e4r \u201cuppfinnare\u201d med patent inom VVS.<\/p>\n<p>\u2013 Entrepren\u00f6rskapet finns i familjen men jag har inte blivit matad med det. Min mamma och styvpappa som jag v\u00e4xt upp med hade inte riktigt det t\u00e4nket men jag har alltid f\u00e5tt med mig att ingenting \u00e4r om\u00f6jligt s\u00e5 l\u00e4nge man k\u00e4mpar och tror p\u00e5 sig sj\u00e4lv. S\u00e5 n\u00e5gon kombination av det och entrepren\u00f6rskap i sl\u00e4kten tror jag har bidragit till varf\u00f6r jag blev f\u00f6retagare.<\/p>\n<p>[\/et_pb_text][et_pb_text _builder_version=&#8221;4.16&#8243; _module_preset=&#8221;default&#8221; text_font=&#8221;Work Sans||||||||&#8221; header_font=&#8221;Work Sans||||||||&#8221; width=&#8221;100%&#8221; module_alignment=&#8221;center&#8221; custom_css_main_element=&#8221;color: #232527;&#8221; global_colors_info=&#8221;{}&#8221;]<\/p>\n<p><span class=\"section-title\">Har det varit mycket motst\u00e5nd?<\/span><\/p>\n<p>\u2013 N\u00e4r jag presenterade id\u00e9n i b\u00f6rjan s\u00e5 var det m\u00e5nga i branschen som lyfte lite p\u00e5 \u00f6gonbrynen, framf\u00f6rallt m\u00e4n. Det har varit en del \u201clilla gumman, det kommer nog aldrig att fungera\u201d och \u201ctr\u00e4dg\u00e5rdsslangar har alltid sett ut s\u00e5h\u00e4r, varf\u00f6r skulle dina slangar vara b\u00e4ttre?\u201d. Just den typen av kommentarer satte ig\u00e5ng mig v\u00e4ldigt snabbt. Jag ville visa att det gick att skapa snygga tr\u00e4dg\u00e5rdsslangar som folk skulle k\u00f6pa och att det fanimej skulle kr\u00e4vas en kvinna f\u00f6r att lyckas med just det.<\/p>\n<p><span class=\"section-title\">Vad \u00e4r din drivkraft d\u00e5?<\/span><\/p>\n<p>\u2013 Det finns en revanschlust inom mig. Min bakgrund, att jag \u00e4r uppvuxen i Angered utan n\u00e5gra st\u00f6rre resurser och s\u00e5 d\u00e4r. Jag vill se hur l\u00e5ngt jag kan g\u00e5 med mycket mod och stark vilja. Vill g\u00e4rna bevisa f\u00f6r mig sj\u00e4lv och andra att skinn p\u00e5 n\u00e4san och intresset av att l\u00e4ra sig l\u00e4ngs resans g\u00e5ng kan ta en l\u00e5ngt. Hoppas att jag kan vara en inspirationsk\u00e4lla till andra d\u00e4r ute som har en bra id\u00e9 i framtiden. Ut\u00f6ver detta s\u00e5 har jag alltid haft en stark t\u00e4vlingsinstinkt med en inst\u00e4llning om att \u201cenbart det b\u00e4sta \u00e4r gott nog\u2026\u201d<\/p>\n<p>\u2013 Min inst\u00e4llning till just v\u00e5rt sortiment och fr\u00e4mst slangen \u00e4r att det g\u00e5r att skapa ett varum\u00e4rke d\u00e4r kunden k\u00f6per en k\u00e4nsla och en delaktighet av n\u00e5got st\u00f6rre, en livsstil. Detta \u00e4r anledningen till att vi existerar. Tidigare k\u00f6ptes slangar av m\u00e4n och idag best\u00e5r v\u00e5ra kunder av 70 % kvinnor vilket betyder att vi lyckats attrahera en helt ny m\u00e5lgrupp f\u00f6r tr\u00e4dg\u00e5rdsslangen. Vi har kunder som ber\u00e4ttat att de aldrig hade trott att de skulle ha cravings eller dr\u00f6mma om att k\u00f6pa en viss tr\u00e4dg\u00e5rdsslang. Den feedbacken betyder enormt mycket, s\u00e4rskilt n\u00e4r jag ser tillbaka i backspegeln hur allt b\u00f6rjade. S\u00e5 lite revansch, lite j\u00e4vlar anamma och j\u00e4ttemycket mod \u00e4r min drivkraft. Jag har inget att f\u00f6rlora.<\/p>\n<p>Samma dag som Linda st\u00e5r redo att packa sina f\u00f6rsta slangar och skicka ut dem till butiker som Svensson i Lammhult g\u00e5r luften ur henne helt. Den leverant\u00f6r som tillverkat slangarna har lovat f\u00f6r mycket. Slangarna h\u00e5ller inte i kvalitet och g\u00e5r inte att s\u00e4lja vidare. Allt \u00e4r katastrof och butikerna v\u00e4ntar p\u00e5 slangar som inte ens finns. Det enda Linda kan g\u00f6ra \u00e4r att b\u00f6rja om och hitta en ny leverant\u00f6r f\u00f6r att f\u00e5 ut produkterna i butik.<\/p>\n<p>\u2013 Det var mycket t\u00e5rar och jobbiga k\u00e4nslor under den perioden. Jag k\u00e4nde mig sviken av den leverant\u00f6r som jag valt och visste inte hur jag skulle l\u00f6sa det. Men redan efter tv\u00e5 veckor stod jag upp igen och packade nya slangar. Senare n\u00e4r jag s\u00e5g dem i butik s\u00e5 var det givetvis ett lyckorus och jag blir fortfarande v\u00e4ldigt glad n\u00e4r jag bes\u00f6ker butiker eller ser v\u00e5ra produkter h\u00e4ngandes p\u00e5 hus jag passerar.<br \/>Men jag t\u00e4nker hela tiden fram\u00e5t, p\u00e5 hur vi ska ta n\u00e4sta steg. Inte p\u00e5 det som varit. Jag vill fram\u00e5t och emellan\u00e5t \u00e4r det blandade k\u00e4nslor, mycket upp och ner s\u00e5klart. Vi f\u00e5r s\u00e5 mycket grym feedback fr\u00e5n v\u00e5ra kunder och det f\u00e5r mig att vilja k\u00f6ra p\u00e5 \u00e4nnu h\u00e5rdare.<\/p>\n<p><span class=\"section-title\">Vilka egenskaper har du som ledare &amp; entrepren\u00f6r?<\/span><\/p>\n<p>\u2013 Jag skulle nog s\u00e4ga att jag \u00e4r v\u00e4ldigt tydlig och att jag ger mina medarbetare utrymme. Jag vill ju skapa en organisation d\u00e4r man t\u00e4nker utanf\u00f6r boxen, men alla vet vart vi skall och v\u00e4gen dit kan variera. De v\u00e4gar vi hittar l\u00e4ngs resans g\u00e5ng \u00e4r ofta v\u00e4ldigt sp\u00e4nnande, vi \u00e4r snabbfotade och nyt\u00e4nkande. M\u00e5let \u00e4r tydligt dock.<br \/>Jag lever min dr\u00f6m och har v\u00e4rldens roligaste jobb s\u00e5 det finns ingen s\u00f6ndags- eller m\u00e5ndags\u00e5ngest hos mig och jag vill att mina medarbetare ska ha lika lite \u00e5ngest \u00f6ver att g\u00e5 till arbetet som jag sj\u00e4lv. Det har synts v\u00e4ldigt tydligt nu under Corona-tider d\u00e5 teamet hellre varit p\u00e5 kontoret \u00e4n jobbat hemifr\u00e5n. Vi ger varandra energi.<\/p>\n<p>[\/et_pb_text][et_pb_text admin_label=&#8221;Quote&#8221; module_class=&#8221;news-quote&#8221; _builder_version=&#8221;4.16&#8243; _module_preset=&#8221;default&#8221; text_font=&#8221;Work Sans||||||||&#8221; header_font=&#8221;Work Sans||||||||&#8221; width=&#8221;100%&#8221; module_alignment=&#8221;center&#8221; global_colors_info=&#8221;{}&#8221;]<\/p>\n<p>\u201cVi har kunder som s\u00e4ger att de aldrig hade trott att de skulle ha cravings och dr\u00f6mma om att k\u00f6pa en viss tr\u00e4dg\u00e5rdsslang.\u201d<\/p>\n<p>[\/et_pb_text][et_pb_image src=&#8221;https:\/\/www.sharespine.com\/wp-content\/uploads\/2020\/11\/bird_feeder-1.jpg&#8221; title_text=&#8221;bird_feeder&#8221; _builder_version=&#8221;4.16&#8243; _module_preset=&#8221;default&#8221; max_width=&#8221;100%&#8221; module_alignment=&#8221;center&#8221; global_colors_info=&#8221;{}&#8221;][\/et_pb_image][et_pb_text admin_label=&#8221;Bildtext&#8221; _builder_version=&#8221;4.16&#8243; _module_preset=&#8221;default&#8221; text_font=&#8221;Work Sans||||||||&#8221; max_width=&#8221;100%&#8221; module_alignment=&#8221;center&#8221; global_colors_info=&#8221;{}&#8221;]<\/p>\n<p><a href=\"https:\/\/www.gardenglory.com\/product\/diamond-bird-feeder\/\" target=\"_blank\" rel=\"noopener noreferrer\">Diamond Bird Feeder<\/a> fr\u00e5n Garden Glory.<\/p>\n<p>[\/et_pb_text][et_pb_text _builder_version=&#8221;4.16&#8243; _module_preset=&#8221;default&#8221; text_font=&#8221;Work Sans||||||||&#8221; header_font=&#8221;Work Sans||||||||&#8221; width=&#8221;100%&#8221; module_alignment=&#8221;center&#8221; custom_css_main_element=&#8221;color: #232527;&#8221; global_colors_info=&#8221;{}&#8221;]<\/p>\n<p><span class=\"section-title\">Var har du f\u00e5tt energi och kraft fr\u00e5n n\u00e4r det varit jobbigt?<\/span><\/p>\n<p>\u2013 Jag f\u00e5r mycket st\u00f6d fr\u00e5n min familj som aldrig tvivlar p\u00e5 n\u00e5got jag g\u00f6r i f\u00f6retaget (ok, lite sura miner \u00e4r det ibland n\u00e4r jag jobbar p\u00e5 semestrar osv). Sen har jag f\u00e5tt st\u00f6d fr\u00e5n v\u00e4nner och kollegor. Hejarop fr\u00e5n kunder och de som f\u00f6ljer v\u00e5r utveckling ger ocks\u00e5 mycket energi. Det har s\u00e5klart funnits stunder d\u00e5 jag inte varit p\u00e5 topp, d\u00e4r jag ena dagen k\u00e4nt att jag vill ge bort hela f\u00f6retaget och n\u00e4sta dag vill k\u00f6ra p\u00e5 och \u00f6ppna upp \u00e4nnu en marknad. Men kanske \u00e4r det hela grejen med att vara entrepren\u00f6r med toppar och dalar konstant, att det hela tiden g\u00e5r upp och ner. Det finns en viss tjusning med det ocks\u00e5..<\/p>\n<p>Det tar bara 6 m\u00e5nader fr\u00e5n det att Linda startar Garden Glory tills hon kan leva p\u00e5 int\u00e4kterna fr\u00e5n sitt bolag. Men allt \u00e4r inte bara framg\u00e5ng. Resan \u00e4r blandad med djupa dalar och h\u00f6ga toppar, tvister och en kassa som aldrig riktigt r\u00e4cker till.<\/p>\n<p>\u2013 Jag har gjort flera misstag med Garden Glory, framf\u00f6rallt med att inte ha tydliga avtal p\u00e5 plats. Du st\u00e5r v\u00e4ldigt ensam i ett litet bolag om du har tunga leverant\u00f6rer och de pl\u00f6tsligt tycker att de har en st\u00f6rre kund som \u00e4r viktigare, vilket f\u00f6rsenar dina leveranser, eller om de kommer p\u00e5 att deras maskin inte riktigt funkar som den skall och att de inte kan leverera \u00f6verhuvudtaget trots accepterad order. Det \u00e4r oerh\u00f6rt viktigt att ha avtal med leverant\u00f6rer. Det kanske fortfarande kan bli tvister men det blir sv\u00e5rare f\u00f6r din leverant\u00f6r att ens f\u00f6rs\u00f6ka att dra sig ur. MEN det st\u00f6rsta misstaget har varit att inte g\u00e5 p\u00e5 min magk\u00e4nsla.<\/p>\n<p>\u2013 Det har funnits andra utmaningar ocks\u00e5 som att f\u00e5 kapitalet att r\u00e4cka till. Det \u00e4r den st\u00f6rsta utmaningen vi haft. Att potentialen \u00e4r j\u00e4ttestor med mycket f\u00f6rfr\u00e5gningar och allt det d\u00e4r, det \u00e4r fantastiskt men kassan r\u00e4cker aldrig till. Vi har ett momentum i v\u00e5r tillv\u00e4xtresa och det \u00e4r snart dags att ta in kapital som kommer g\u00f6ra det lite l\u00e4ttare att vara strategiska.<\/p>\n<p><span class=\"section-title\">\u00c4r det d\u00e4rf\u00f6r ni v\u00e4ljer att ta in kapital via Pepins?<\/span><\/p>\n<p>\u2013 Ja, det \u00e4r f\u00f6r att kunna v\u00e4xa snabbare och bli \u00e4nnu mer l\u00f6nsamma och f\u00f6rse v\u00e4rlden med \u00e4nnu mer snygga tr\u00e4dg\u00e5rdsslangar. Men egentligen \u00e4r det skr\u00e4ckblandad f\u00f6rtjusning att beh\u00f6va ta in kapital och bredda \u00e4gandet. Det har f\u00e5tt v\u00e4xa fram hos mig under de senaste 3 \u00e5ren. Hela den h\u00e4r tanken har jag verkligen beh\u00f6vt bolla med andra som gjort en liknande resa bara f\u00f6r att mogna i mitt beslut och inte g\u00f6ra n\u00e5got f\u00f6rhastat. Jag skulle s\u00e4kert kunnat ta in kapital tidigare men tvekat och funderat p\u00e5 vad det egentligen inneb\u00e4r, vad man ger sig in i och vilka andra som kommer in som del\u00e4gare, om jag mister kontrollen, vad h\u00e4nder d\u00e5?<\/p>\n<p><span class=\"section-title\">Var det ett sv\u00e5rt beslut?<\/span><\/p>\n<p>\u2013 Ja och nej, det har s\u00e5klart funnits mycket tankar, men d\u00e4r jag landat nu \u00e4r att det \u00e4r helt fantastiskt att f\u00e5 in mer muskler, b\u00e5de n\u00e4r det g\u00e4ller att f\u00e5 in kapital men ocks\u00e5 m\u00e4nniskor som \u00f6kar kompetensen i f\u00f6retaget. F\u00f6rutom kapital s\u00e5 kommer det in m\u00e4nniskor med stort n\u00e4tverk som g\u00f6r oss starkare och f\u00f6rbereder oss b\u00e4ttre f\u00f6r framtiden d\u00e5 vi inom en snar framtid vill oms\u00e4tta 100 miljoner. Vi vill ocks\u00e5 lansera ett helt nytt segment och g\u00f6ra en liknande impact p\u00e5 ett annat omr\u00e5de som vi gjort med Garden Glory . Det \u00e4r ett segment som \u00e4r otroligt outforskat, alla kommer f\u00f6rst\u00e5 n\u00e4r de ser det, men tills dess h\u00e5ller jag det hemligt.<\/p>\n<p>Garden Glory \u00e4r ensamma i v\u00e4rlden n\u00e4r det kommer till designade tr\u00e4dg\u00e5rdsslangar. Mellan jan-juni 2020 v\u00e4xte f\u00f6rs\u00e4ljningen med 300 % j\u00e4mf\u00f6rt med samma period 2019 och de l\u00e4nder d\u00e4r f\u00f6rs\u00e4ljningen \u00f6kar snabbast \u00e4r USA, Tyskland och Australien. Idag sker 80 % av all f\u00f6rs\u00e4ljning utanf\u00f6r Sverige och 60 % av den totala e-handeln \u00e4r till USA d\u00e4r Garden Glory \u00e4ven finns representerad p\u00e5 Amazon med en egen Brand Store. Ut\u00f6ver det har Garden Glory ca 100 viktiga \u00e5terf\u00f6rs\u00e4ljare som \u00e4r utspridda p\u00e5 olika marknader.<\/p>\n<p>[\/et_pb_text][et_pb_image src=&#8221;https:\/\/www.sharespine.com\/wp-content\/uploads\/2020\/11\/pink_hose_leopard.jpg&#8221; title_text=&#8221;pink_hose_leopard&#8221; _builder_version=&#8221;4.16&#8243; _module_preset=&#8221;default&#8221; max_width=&#8221;100%&#8221; module_alignment=&#8221;center&#8221; global_colors_info=&#8221;{}&#8221;][\/et_pb_image][et_pb_text admin_label=&#8221;Bildtext&#8221; _builder_version=&#8221;4.16&#8243; _module_preset=&#8221;default&#8221; text_font=&#8221;Work Sans||||||||&#8221; max_width=&#8221;100%&#8221; module_alignment=&#8221;center&#8221; global_colors_info=&#8221;{}&#8221;]<\/p>\n<p><a href=\"https:\/\/www.gardenglory.com\/product\/rusty-rose-kit\/\" target=\"_blank\" rel=\"noopener noreferrer\">Pink Hose<\/a> fr\u00e5n Garden Glory.<\/p>\n<p>[\/et_pb_text][et_pb_text _builder_version=&#8221;4.16&#8243; _module_preset=&#8221;default&#8221; text_font=&#8221;Work Sans||||||||&#8221; header_font=&#8221;Work Sans||||||||&#8221; width=&#8221;100%&#8221; module_alignment=&#8221;center&#8221; custom_css_main_element=&#8221;color: #232527;&#8221; global_colors_info=&#8221;{}&#8221;]<\/p>\n<p><span class=\"section-title\">Hur hanterar ni f\u00f6rs\u00e4ljningen i e-handeln?<\/span><\/p>\n<p>\u2013 Integrationer \u00e4r a och o och helt n\u00f6dv\u00e4ndigt f\u00f6r oss eftersom det automatiserar delar av v\u00e5r verksamhet. Hela den h\u00e4r handp\u00e5l\u00e4ggningen d\u00e4r en fysisk person plockar \u00f6ver en order fr\u00e5n WooCommerce till Fortnox f\u00f6rsvinner. Det hade inte funnits ork eller tid att v\u00e4xa inom e-handeln som vi planerar att g\u00f6ra om vi inte hade haft integrationer. De kommande \u00e5ren ska vi tiodubbla oms\u00e4ttningen fr\u00e5n de 8-10 miljoner vi oms\u00e4tter idag n\u00e5 till 100 miljoner online. Det g\u00f6r att vi m\u00e5ste automatisera s\u00e5 mycket som m\u00f6jligt.<\/p>\n<p><span class=\"section-title\">Hur \u00e4r det att kombinera egen e-handel och \u00e5terf\u00f6rs\u00e4ljare?<\/span><\/p>\n<p>\u2013 Vi \u00e4r priviligerade med grymma \u00e5terf\u00f6rs\u00e4ljare och butiker som sj\u00e4lva har ett starkt namn som d\u00e5 givetvis hj\u00e4lper oss i v\u00e5rt varum\u00e4rkesarbete d\u00e5 vi kan f\u00f6rknippas med dem. Det fungerar j\u00e4ttebra och det \u00e4r ett samspel. Vi har ett n\u00e4ra samarbete med v\u00e5ra \u00e5terf\u00f6rs\u00e4ljare och tanken \u00e4r ju att desto mer vi marknadsf\u00f6r oss desto mer ska vara \u00e5terf\u00f6rs\u00e4ljare s\u00e4lja hos sig. Sen \u00e4r vi ocks\u00e5 v\u00e4ldigt selektiva, det \u00e4r inte meningen att det ska finnas 10 \u00e5terf\u00f6rs\u00e4ljare i varje stad som s\u00e4ljer Garden Glory. Vi tackar \u00e4ven nej. Har vi valt att samarbete med en eller tv\u00e5 i varje stad s\u00e5 satsar vi p\u00e5 dem och d\u00e5 \u00e4r de de som ska s\u00e4lja v\u00e5ra produkter.<\/p>\n<p>[\/et_pb_text][\/et_pb_column][\/et_pb_row][\/et_pb_section]<\/p>\n","protected":false},"excerpt":{"rendered":"<p>Som de flesta av oss har du s\u00e4kert dr\u00f6mt om att skapa ditt eget f\u00f6retag. Kanske kom id\u00e9n i skogen eller hemma i duschen, n\u00e4r du minst anade det<\/p>\n","protected":false},"author":22,"featured_media":22275,"comment_status":"closed","ping_status":"closed","sticky":false,"template":"","format":"standard","meta":{"_acf_changed":false,"_et_pb_use_builder":"on","_et_pb_old_content":"","_et_gb_content_width":"","content-type":"","footnotes":""},"categories":[251,353,117],"tags":[],"class_list":["post-22263","post","type-post","status-publish","format-standard","has-post-thumbnail","hentry","category-intervju","category-kunder","category-nyheter"],"acf":[],"yoast_head":"<!-- This site is optimized with the Yoast SEO Premium plugin v26.2 (Yoast SEO v27.4) - https:\/\/yoast.com\/product\/yoast-seo-premium-wordpress\/ -->\n<title>Inspirerande intervju med Linda Brattl\u00f6f om framg\u00e5ngssagan Garden Glory - Sharespine<\/title>\n<meta name=\"robots\" content=\"index, follow, max-snippet:-1, max-image-preview:large, max-video-preview:-1\" \/>\n<link rel=\"canonical\" href=\"https:\/\/www.sharespine.com\/sv\/garden-glory\/\" \/>\n<meta property=\"og:locale\" content=\"sv_SE\" \/>\n<meta property=\"og:type\" content=\"article\" \/>\n<meta property=\"og:title\" content=\"Inspirerande intervju med Linda Brattl\u00f6f om framg\u00e5ngssagan Garden Glory\" \/>\n<meta property=\"og:description\" content=\"Som de flesta av oss har du s\u00e4kert dr\u00f6mt om att skapa ditt eget f\u00f6retag. Kanske kom id\u00e9n i skogen eller hemma i duschen, n\u00e4r du minst anade det\" \/>\n<meta property=\"og:url\" content=\"https:\/\/www.sharespine.com\/sv\/garden-glory\/\" \/>\n<meta property=\"og:site_name\" content=\"Sharespine\" \/>\n<meta property=\"article:publisher\" content=\"https:\/\/www.facebook.com\/sharespine\" \/>\n<meta property=\"article:published_time\" content=\"2020-11-11T07:22:09+00:00\" \/>\n<meta property=\"article:modified_time\" content=\"2023-03-20T12:57:32+00:00\" \/>\n<meta property=\"og:image\" content=\"https:\/\/www.sharespine.com\/wp-content\/uploads\/2020\/11\/GardenGlory-Cover.png\" \/>\n\t<meta property=\"og:image:width\" content=\"1040\" \/>\n\t<meta property=\"og:image:height\" content=\"490\" \/>\n\t<meta property=\"og:image:type\" content=\"image\/png\" \/>\n<meta name=\"author\" content=\"Leif Lindberg\" \/>\n<meta name=\"twitter:card\" content=\"summary_large_image\" \/>\n<meta name=\"twitter:label1\" content=\"Skriven av\" \/>\n\t<meta name=\"twitter:data1\" content=\"Leif Lindberg\" \/>\n\t<meta name=\"twitter:label2\" content=\"Ber\u00e4knad l\u00e4stid\" \/>\n\t<meta name=\"twitter:data2\" content=\"12 minuter\" \/>\n<script type=\"application\/ld+json\" class=\"yoast-schema-graph\">{\"@context\":\"https:\\\/\\\/schema.org\",\"@graph\":[{\"@type\":\"Article\",\"@id\":\"https:\\\/\\\/www.sharespine.com\\\/sv\\\/garden-glory\\\/#article\",\"isPartOf\":{\"@id\":\"https:\\\/\\\/www.sharespine.com\\\/sv\\\/garden-glory\\\/\"},\"author\":{\"name\":\"Leif Lindberg\",\"@id\":\"https:\\\/\\\/www.sharespine.com\\\/sv\\\/#\\\/schema\\\/person\\\/a87dd90053e7395bcee1c4a684cdb6b1\"},\"headline\":\"Inspirerande intervju med Linda Brattl\u00f6f om framg\u00e5ngssagan Garden Glory\",\"datePublished\":\"2020-11-11T07:22:09+00:00\",\"dateModified\":\"2023-03-20T12:57:32+00:00\",\"mainEntityOfPage\":{\"@id\":\"https:\\\/\\\/www.sharespine.com\\\/sv\\\/garden-glory\\\/\"},\"wordCount\":2970,\"publisher\":{\"@id\":\"https:\\\/\\\/www.sharespine.com\\\/sv\\\/#organization\"},\"image\":{\"@id\":\"https:\\\/\\\/www.sharespine.com\\\/sv\\\/garden-glory\\\/#primaryimage\"},\"thumbnailUrl\":\"https:\\\/\\\/www.sharespine.com\\\/wp-content\\\/uploads\\\/2020\\\/11\\\/GardenGlory-Cover.png\",\"articleSection\":[\"Intervjuer\",\"Kunder\",\"Nyheter\"],\"inLanguage\":\"sv-SE\"},{\"@type\":\"WebPage\",\"@id\":\"https:\\\/\\\/www.sharespine.com\\\/sv\\\/garden-glory\\\/\",\"url\":\"https:\\\/\\\/www.sharespine.com\\\/sv\\\/garden-glory\\\/\",\"name\":\"Inspirerande intervju med Linda Brattl\u00f6f om framg\u00e5ngssagan Garden Glory - Sharespine\",\"isPartOf\":{\"@id\":\"https:\\\/\\\/www.sharespine.com\\\/sv\\\/#website\"},\"primaryImageOfPage\":{\"@id\":\"https:\\\/\\\/www.sharespine.com\\\/sv\\\/garden-glory\\\/#primaryimage\"},\"image\":{\"@id\":\"https:\\\/\\\/www.sharespine.com\\\/sv\\\/garden-glory\\\/#primaryimage\"},\"thumbnailUrl\":\"https:\\\/\\\/www.sharespine.com\\\/wp-content\\\/uploads\\\/2020\\\/11\\\/GardenGlory-Cover.png\",\"datePublished\":\"2020-11-11T07:22:09+00:00\",\"dateModified\":\"2023-03-20T12:57:32+00:00\",\"breadcrumb\":{\"@id\":\"https:\\\/\\\/www.sharespine.com\\\/sv\\\/garden-glory\\\/#breadcrumb\"},\"inLanguage\":\"sv-SE\",\"potentialAction\":[{\"@type\":\"ReadAction\",\"target\":[\"https:\\\/\\\/www.sharespine.com\\\/sv\\\/garden-glory\\\/\"]}]},{\"@type\":\"ImageObject\",\"inLanguage\":\"sv-SE\",\"@id\":\"https:\\\/\\\/www.sharespine.com\\\/sv\\\/garden-glory\\\/#primaryimage\",\"url\":\"https:\\\/\\\/www.sharespine.com\\\/wp-content\\\/uploads\\\/2020\\\/11\\\/GardenGlory-Cover.png\",\"contentUrl\":\"https:\\\/\\\/www.sharespine.com\\\/wp-content\\\/uploads\\\/2020\\\/11\\\/GardenGlory-Cover.png\",\"width\":1040,\"height\":490},{\"@type\":\"BreadcrumbList\",\"@id\":\"https:\\\/\\\/www.sharespine.com\\\/sv\\\/garden-glory\\\/#breadcrumb\",\"itemListElement\":[{\"@type\":\"ListItem\",\"position\":1,\"name\":\"Hem\",\"item\":\"https:\\\/\\\/www.sharespine.com\\\/sv\\\/\"},{\"@type\":\"ListItem\",\"position\":2,\"name\":\"Inspirerande intervju med Linda Brattl\u00f6f om framg\u00e5ngssagan Garden Glory\"}]},{\"@type\":\"WebSite\",\"@id\":\"https:\\\/\\\/www.sharespine.com\\\/sv\\\/#website\",\"url\":\"https:\\\/\\\/www.sharespine.com\\\/sv\\\/\",\"name\":\"Sharespine\",\"description\":\"Integrationsplattform f\u00f6r e-handel &amp; bokf\u00f6ring\",\"publisher\":{\"@id\":\"https:\\\/\\\/www.sharespine.com\\\/sv\\\/#organization\"},\"potentialAction\":[{\"@type\":\"SearchAction\",\"target\":{\"@type\":\"EntryPoint\",\"urlTemplate\":\"https:\\\/\\\/www.sharespine.com\\\/sv\\\/?s={search_term_string}\"},\"query-input\":{\"@type\":\"PropertyValueSpecification\",\"valueRequired\":true,\"valueName\":\"search_term_string\"}}],\"inLanguage\":\"sv-SE\"},{\"@type\":\"Organization\",\"@id\":\"https:\\\/\\\/www.sharespine.com\\\/sv\\\/#organization\",\"name\":\"Sharespine AB\",\"url\":\"https:\\\/\\\/www.sharespine.com\\\/sv\\\/\",\"logo\":{\"@type\":\"ImageObject\",\"inLanguage\":\"sv-SE\",\"@id\":\"https:\\\/\\\/www.sharespine.com\\\/sv\\\/#\\\/schema\\\/logo\\\/image\\\/\",\"url\":\"https:\\\/\\\/www.sharespine.com\\\/wp-content\\\/uploads\\\/2022\\\/11\\\/logo-default.png\",\"contentUrl\":\"https:\\\/\\\/www.sharespine.com\\\/wp-content\\\/uploads\\\/2022\\\/11\\\/logo-default.png\",\"width\":700,\"height\":153,\"caption\":\"Sharespine AB\"},\"image\":{\"@id\":\"https:\\\/\\\/www.sharespine.com\\\/sv\\\/#\\\/schema\\\/logo\\\/image\\\/\"},\"sameAs\":[\"https:\\\/\\\/www.facebook.com\\\/sharespine\",\"https:\\\/\\\/www.linkedin.com\\\/company\\\/sharespine\\\/\",\"https:\\\/\\\/www.instagram.com\\\/sharespine\\\/\"]},{\"@type\":\"Person\",\"@id\":\"https:\\\/\\\/www.sharespine.com\\\/sv\\\/#\\\/schema\\\/person\\\/a87dd90053e7395bcee1c4a684cdb6b1\",\"name\":\"Leif Lindberg\",\"image\":{\"@type\":\"ImageObject\",\"inLanguage\":\"sv-SE\",\"@id\":\"https:\\\/\\\/www.sharespine.com\\\/wp-content\\\/litespeed\\\/avatar\\\/ef459dcd777949d733d9e30dca4164bc.jpg?ver=1777552141\",\"url\":\"https:\\\/\\\/www.sharespine.com\\\/wp-content\\\/litespeed\\\/avatar\\\/ef459dcd777949d733d9e30dca4164bc.jpg?ver=1777552141\",\"contentUrl\":\"https:\\\/\\\/www.sharespine.com\\\/wp-content\\\/litespeed\\\/avatar\\\/ef459dcd777949d733d9e30dca4164bc.jpg?ver=1777552141\",\"caption\":\"Leif Lindberg\"}}]}<\/script>\n<!-- \/ Yoast SEO Premium plugin. -->","yoast_head_json":{"title":"Inspirerande intervju med Linda Brattl\u00f6f om framg\u00e5ngssagan Garden Glory - Sharespine","robots":{"index":"index","follow":"follow","max-snippet":"max-snippet:-1","max-image-preview":"max-image-preview:large","max-video-preview":"max-video-preview:-1"},"canonical":"https:\/\/www.sharespine.com\/sv\/garden-glory\/","og_locale":"sv_SE","og_type":"article","og_title":"Inspirerande intervju med Linda Brattl\u00f6f om framg\u00e5ngssagan Garden Glory","og_description":"Som de flesta av oss har du s\u00e4kert dr\u00f6mt om att skapa ditt eget f\u00f6retag. Kanske kom id\u00e9n i skogen eller hemma i duschen, n\u00e4r du minst anade det","og_url":"https:\/\/www.sharespine.com\/sv\/garden-glory\/","og_site_name":"Sharespine","article_publisher":"https:\/\/www.facebook.com\/sharespine","article_published_time":"2020-11-11T07:22:09+00:00","article_modified_time":"2023-03-20T12:57:32+00:00","og_image":[{"width":1040,"height":490,"url":"https:\/\/www.sharespine.com\/wp-content\/uploads\/2020\/11\/GardenGlory-Cover.png","type":"image\/png"}],"author":"Leif Lindberg","twitter_card":"summary_large_image","twitter_misc":{"Skriven av":"Leif Lindberg","Ber\u00e4knad l\u00e4stid":"12 minuter"},"schema":{"@context":"https:\/\/schema.org","@graph":[{"@type":"Article","@id":"https:\/\/www.sharespine.com\/sv\/garden-glory\/#article","isPartOf":{"@id":"https:\/\/www.sharespine.com\/sv\/garden-glory\/"},"author":{"name":"Leif Lindberg","@id":"https:\/\/www.sharespine.com\/sv\/#\/schema\/person\/a87dd90053e7395bcee1c4a684cdb6b1"},"headline":"Inspirerande intervju med Linda Brattl\u00f6f om framg\u00e5ngssagan Garden Glory","datePublished":"2020-11-11T07:22:09+00:00","dateModified":"2023-03-20T12:57:32+00:00","mainEntityOfPage":{"@id":"https:\/\/www.sharespine.com\/sv\/garden-glory\/"},"wordCount":2970,"publisher":{"@id":"https:\/\/www.sharespine.com\/sv\/#organization"},"image":{"@id":"https:\/\/www.sharespine.com\/sv\/garden-glory\/#primaryimage"},"thumbnailUrl":"https:\/\/www.sharespine.com\/wp-content\/uploads\/2020\/11\/GardenGlory-Cover.png","articleSection":["Intervjuer","Kunder","Nyheter"],"inLanguage":"sv-SE"},{"@type":"WebPage","@id":"https:\/\/www.sharespine.com\/sv\/garden-glory\/","url":"https:\/\/www.sharespine.com\/sv\/garden-glory\/","name":"Inspirerande intervju med Linda Brattl\u00f6f om framg\u00e5ngssagan Garden Glory - Sharespine","isPartOf":{"@id":"https:\/\/www.sharespine.com\/sv\/#website"},"primaryImageOfPage":{"@id":"https:\/\/www.sharespine.com\/sv\/garden-glory\/#primaryimage"},"image":{"@id":"https:\/\/www.sharespine.com\/sv\/garden-glory\/#primaryimage"},"thumbnailUrl":"https:\/\/www.sharespine.com\/wp-content\/uploads\/2020\/11\/GardenGlory-Cover.png","datePublished":"2020-11-11T07:22:09+00:00","dateModified":"2023-03-20T12:57:32+00:00","breadcrumb":{"@id":"https:\/\/www.sharespine.com\/sv\/garden-glory\/#breadcrumb"},"inLanguage":"sv-SE","potentialAction":[{"@type":"ReadAction","target":["https:\/\/www.sharespine.com\/sv\/garden-glory\/"]}]},{"@type":"ImageObject","inLanguage":"sv-SE","@id":"https:\/\/www.sharespine.com\/sv\/garden-glory\/#primaryimage","url":"https:\/\/www.sharespine.com\/wp-content\/uploads\/2020\/11\/GardenGlory-Cover.png","contentUrl":"https:\/\/www.sharespine.com\/wp-content\/uploads\/2020\/11\/GardenGlory-Cover.png","width":1040,"height":490},{"@type":"BreadcrumbList","@id":"https:\/\/www.sharespine.com\/sv\/garden-glory\/#breadcrumb","itemListElement":[{"@type":"ListItem","position":1,"name":"Hem","item":"https:\/\/www.sharespine.com\/sv\/"},{"@type":"ListItem","position":2,"name":"Inspirerande intervju med Linda Brattl\u00f6f om framg\u00e5ngssagan Garden Glory"}]},{"@type":"WebSite","@id":"https:\/\/www.sharespine.com\/sv\/#website","url":"https:\/\/www.sharespine.com\/sv\/","name":"Sharespine","description":"Integrationsplattform f\u00f6r e-handel &amp; bokf\u00f6ring","publisher":{"@id":"https:\/\/www.sharespine.com\/sv\/#organization"},"potentialAction":[{"@type":"SearchAction","target":{"@type":"EntryPoint","urlTemplate":"https:\/\/www.sharespine.com\/sv\/?s={search_term_string}"},"query-input":{"@type":"PropertyValueSpecification","valueRequired":true,"valueName":"search_term_string"}}],"inLanguage":"sv-SE"},{"@type":"Organization","@id":"https:\/\/www.sharespine.com\/sv\/#organization","name":"Sharespine AB","url":"https:\/\/www.sharespine.com\/sv\/","logo":{"@type":"ImageObject","inLanguage":"sv-SE","@id":"https:\/\/www.sharespine.com\/sv\/#\/schema\/logo\/image\/","url":"https:\/\/www.sharespine.com\/wp-content\/uploads\/2022\/11\/logo-default.png","contentUrl":"https:\/\/www.sharespine.com\/wp-content\/uploads\/2022\/11\/logo-default.png","width":700,"height":153,"caption":"Sharespine AB"},"image":{"@id":"https:\/\/www.sharespine.com\/sv\/#\/schema\/logo\/image\/"},"sameAs":["https:\/\/www.facebook.com\/sharespine","https:\/\/www.linkedin.com\/company\/sharespine\/","https:\/\/www.instagram.com\/sharespine\/"]},{"@type":"Person","@id":"https:\/\/www.sharespine.com\/sv\/#\/schema\/person\/a87dd90053e7395bcee1c4a684cdb6b1","name":"Leif Lindberg","image":{"@type":"ImageObject","inLanguage":"sv-SE","@id":"https:\/\/www.sharespine.com\/wp-content\/litespeed\/avatar\/ef459dcd777949d733d9e30dca4164bc.jpg?ver=1777552141","url":"https:\/\/www.sharespine.com\/wp-content\/litespeed\/avatar\/ef459dcd777949d733d9e30dca4164bc.jpg?ver=1777552141","contentUrl":"https:\/\/www.sharespine.com\/wp-content\/litespeed\/avatar\/ef459dcd777949d733d9e30dca4164bc.jpg?ver=1777552141","caption":"Leif Lindberg"}}]}},"_links":{"self":[{"href":"https:\/\/www.sharespine.com\/sv\/wp-json\/wp\/v2\/posts\/22263","targetHints":{"allow":["GET"]}}],"collection":[{"href":"https:\/\/www.sharespine.com\/sv\/wp-json\/wp\/v2\/posts"}],"about":[{"href":"https:\/\/www.sharespine.com\/sv\/wp-json\/wp\/v2\/types\/post"}],"author":[{"embeddable":true,"href":"https:\/\/www.sharespine.com\/sv\/wp-json\/wp\/v2\/users\/22"}],"replies":[{"embeddable":true,"href":"https:\/\/www.sharespine.com\/sv\/wp-json\/wp\/v2\/comments?post=22263"}],"version-history":[{"count":10,"href":"https:\/\/www.sharespine.com\/sv\/wp-json\/wp\/v2\/posts\/22263\/revisions"}],"predecessor-version":[{"id":42215,"href":"https:\/\/www.sharespine.com\/sv\/wp-json\/wp\/v2\/posts\/22263\/revisions\/42215"}],"wp:featuredmedia":[{"embeddable":true,"href":"https:\/\/www.sharespine.com\/sv\/wp-json\/wp\/v2\/media\/22275"}],"wp:attachment":[{"href":"https:\/\/www.sharespine.com\/sv\/wp-json\/wp\/v2\/media?parent=22263"}],"wp:term":[{"taxonomy":"category","embeddable":true,"href":"https:\/\/www.sharespine.com\/sv\/wp-json\/wp\/v2\/categories?post=22263"},{"taxonomy":"post_tag","embeddable":true,"href":"https:\/\/www.sharespine.com\/sv\/wp-json\/wp\/v2\/tags?post=22263"}],"curies":[{"name":"wp","href":"https:\/\/api.w.org\/{rel}","templated":true}]}}